{"id":334,"date":"2021-01-08T11:21:00","date_gmt":"2021-01-08T11:21:00","guid":{"rendered":"http:\/\/localhost\/execoore\/?p=334"},"modified":"2021-02-26T21:45:37","modified_gmt":"2021-02-26T21:45:37","slug":"post-2","status":"publish","type":"post","link":"https:\/\/factecnologia.com.br\/novo\/2021\/01\/08\/post-2\/","title":{"rendered":"LGPD: O que muda para sua empresa?"},"content":{"rendered":"<h2 class=\"article-subtitle\">Lei Geral de Prote\u00e7\u00e3o de Dados<\/h2>\n<p>LGPD \u00e9 a sigla adotada para designar a Lei Geral de Prote\u00e7\u00e3o de Dados (Lei nr 13.709) sancionada em 14 de agosto de 2018 e que entra em vigor a partir de agosto de 2020. Seu principal objetivo \u00e9 garantir transpar\u00eancia no uso dos dados das pessoas f\u00edsicas em quaisquer meios. Esta lei chega para alterar a Lei nr 12.965, de 23 de abril de 2014, popularmente chamada de Marco Civil da Internet que regulava estas transa\u00e7\u00f5es at\u00e9 ent\u00e3o.<\/p>\n<p>A <strong>LGPD<\/strong> tem como base a <strong>GDPR<\/strong>, regulamenta\u00e7\u00e3o europeia aprovada em maio do ano passado e usa os direitos fundamentais de liberdade e de privacidade como norte para estabelecer regras a respeito da coleta e armazenamento, de dados pessoais e seu compartilhamento. A inten\u00e7\u00e3o \u00e9 proporcionar prote\u00e7\u00e3o dos dados das pessoas f\u00edsicas contando com a penalidade de multas para motivar o seu cumprimento por parte das empresas.<\/p>\n<h2>Quem estar\u00e1 envolvido no processo de prote\u00e7\u00e3o de dados<\/h2>\n<p>S\u00e3o 4 os atores que participar\u00e3o ativamente da prote\u00e7\u00e3o dos dados em cada empresa:<\/p>\n<h3>O titular<\/h3>\n<p>Seria o propriet\u00e1rio dos dados, no caso as pessoas f\u00edsicas.<\/p>\n<h3>O controlador<\/h3>\n<p>\u00c9 representado pelo tomador dos dados, ou seja, as pessoas jur\u00eddicas<\/p>\n<h3>O operador<\/h3>\n<p>A empresa respons\u00e1vel pela coleta de dados e sua efetiva seguran\u00e7a atrav\u00e9s de solu\u00e7\u00f5es automatizadas<\/p>\n<h3>O encarregado<\/h3>\n<p>\u00c9 o profissional que responde pela prote\u00e7\u00e3o dos dados da empresa. \u00c9 o seu representante, que far\u00e1 contato com a ANPD quando necess\u00e1rio e pode at\u00e9 ser responsabilizado junto com a pessoa jur\u00eddica no caso de mal uso dos dados ou seu vazamento por qualquer motivo.<\/p>\n<p>O que se conclui diante de todo esse cen\u00e1rio \u00e9 que a entrada em vigor da LGPD significa um grande desafio tanto para as empresas, que precisar\u00e3o rever v\u00e1rios processos de governan\u00e7a e privacidade de dados, tais como: gest\u00e3o de consentimento (tanto as autoriza\u00e7\u00f5es quanto as revoga\u00e7\u00f5es), gest\u00e3o das peti\u00e7\u00f5es abertas por titulares dos dados (que em muitos casos deve ser respondida imediatamente), gest\u00e3o do ciclo de vida dos dados dentro da empresa (data mapping e data discovery) e implementa\u00e7\u00e3o de t\u00e9cnicas de anonimiza\u00e7\u00e3o (os dados nesta condi\u00e7\u00e3o n\u00e3o ser\u00e3o considerados dados pessoais pela lei, desde que o processo seja comprovadamente irrevers\u00edvel).<\/p>\n<p>E para as empresas de tecnologia tamb\u00e9m, que precisam ser \u00e1geis o suficiente para diagnosticar, orientar e capitanear as mudan\u00e7as nas solu\u00e7\u00f5es dos seus clientes. Neste caso, os clientes da Senior podem se sentir seguros. Com a palavra, Adriano Gon\u00e7alves Polidoro, Gerente de TIC \u2013 Tecnologia de Informa\u00e7\u00e3o e Comunica\u00e7\u00e3o: \u201cEm compromisso com a aplica\u00e7\u00e3o da lei para agosto de 2020, a Senior estar\u00e1 100% capacitada para oferecer aos nossos clientes solu\u00e7\u00f5es seguras e em total compliance com a LGPD\u201d.<\/p>\n","protected":false},"excerpt":{"rendered":"Lei Geral de Prote\u00e7\u00e3o de Dados LGPD \u00e9 a sigla adotada para designar a Lei Geral de Prote\u00e7\u00e3o de Dados (Lei nr 13.709) sancionada em 14 de agosto de 2018 e que entra em vigor a partir de agosto de 2020. Seu principal objetivo \u00e9 garantir transpar\u00eancia no uso dos dados das pessoas f\u00edsicas em[&#8230;]","protected":false},"author":1,"featured_media":1040323,"comment_status":"closed","ping_status":"closed","sticky":false,"template":"","format":"standard","meta":{"footnotes":""},"categories":[75],"tags":[],"class_list":["post-334","post","type-post","status-publish","format-standard","has-post-thumbnail","hentry","category-lgpd"],"_links":{"self":[{"href":"https:\/\/factecnologia.com.br\/novo\/wp-json\/wp\/v2\/posts\/334","targetHints":{"allow":["GET"]}}],"collection":[{"href":"https:\/\/factecnologia.com.br\/novo\/wp-json\/wp\/v2\/posts"}],"about":[{"href":"https:\/\/factecnologia.com.br\/novo\/wp-json\/wp\/v2\/types\/post"}],"author":[{"embeddable":true,"href":"https:\/\/factecnologia.com.br\/novo\/wp-json\/wp\/v2\/users\/1"}],"replies":[{"embeddable":true,"href":"https:\/\/factecnologia.com.br\/novo\/wp-json\/wp\/v2\/comments?post=334"}],"version-history":[{"count":1,"href":"https:\/\/factecnologia.com.br\/novo\/wp-json\/wp\/v2\/posts\/334\/revisions"}],"predecessor-version":[{"id":1040324,"href":"https:\/\/factecnologia.com.br\/novo\/wp-json\/wp\/v2\/posts\/334\/revisions\/1040324"}],"wp:featuredmedia":[{"embeddable":true,"href":"https:\/\/factecnologia.com.br\/novo\/wp-json\/wp\/v2\/media\/1040323"}],"wp:attachment":[{"href":"https:\/\/factecnologia.com.br\/novo\/wp-json\/wp\/v2\/media?parent=334"}],"wp:term":[{"taxonomy":"category","embeddable":true,"href":"https:\/\/factecnologia.com.br\/novo\/wp-json\/wp\/v2\/categories?post=334"},{"taxonomy":"post_tag","embeddable":true,"href":"https:\/\/factecnologia.com.br\/novo\/wp-json\/wp\/v2\/tags?post=334"}],"curies":[{"name":"wp","href":"https:\/\/api.w.org\/{rel}","templated":true}]}}